{"id":59,"date":"2008-02-05T20:23:42","date_gmt":"2008-02-05T18:23:42","guid":{"rendered":"http:\/\/www.birdinginspain.com\/blog\/birds-in-spain\/duponts-lark-in-spain-an-uncertain-future\/"},"modified":"2008-02-10T18:42:23","modified_gmt":"2008-02-10T16:42:23","slug":"duponts-lark-in-spain-an-uncertain-future","status":"publish","type":"post","link":"https:\/\/www.birdinginspain.com\/blog\/birds-in-spain\/duponts-lark-in-spain-an-uncertain-future\/","title":{"rendered":"Dupont&#8217;s Lark in Spain: an uncertain future?"},"content":{"rendered":"<p>I stood on the edge of the aerodrome at <strong>Alf\u00e9s, Catalonia<\/strong>, feeling slightly opressed by the growing darkness and the chill spring air. A dog was barking somewhere in the distance, but I couldn&#8217;t say where or how far. The noise of traffic was a soft but constant throb.<\/p>\n<p>A few minutes of impatient vigil bore their fruit: a soft, mournful whistle rising and falling came to my ears. Tu-u-ee, wee-i-oo. The <strong>Dupont&#8217;s Lark<\/strong>. The enigmatic Dupont&#8217;s Lark singing and establishing its territory at the only known site left to the species in the whole of <strong>Catalonia.<\/strong><\/p>\n<p>That was several years ago now, and if my memory doesn&#8217;t fail me it was also <strong>the last time I heard the Dupont&#8217;s Lark at Alf\u00e9s<\/strong>. In all probability it was the very last time I would ever hear the Dupont&#8217;s Lark in Catalunya. Two years ago field researchers revealed that the <strong>Dupont&#8217;s Lark<\/strong> was no longer breeding at Alf\u00e9s. In other words it had become <strong>extinct in Catalonia.<\/strong><\/p>\n<p>Some local media sources spread the news with effusive, unrestrained joy. Now the small band of diehard ecologists in Lleida had one less argument to support the need for protection of the Alf\u00e9s thyme fields.<\/p>\n<p>Luckily, the <strong>Dupont&#8217;s Lark<\/strong> still breeds elsewhere <strong>in Spain<\/strong>.  The species even has its &#8220;own&#8221;<strong> reserve at Belchite in Arag\u00f3n<\/strong>, purchased by the Sociedad Espa\u00f1ola de Ornitolog\u00eda. There are also scattered populations of Dupont&#8217;s Lark in other parts of <strong>Arag\u00f3n, in Guadalajara, in Almer\u00eda<\/strong>&#8230;However, recent research has revealed gloomy findings: the population levels quoted in many sources a few years earlier were serious <strong>overestimates of the Dupont&#8217;s Lark&#8217;s real population<\/strong>. In reality there were probably fewer than a quarter of the previously quoted total actually living in <strong>Spain<\/strong>.<\/p>\n<p>One February evening this year I sat inside my car, waiting for the growing darkness to spread its hold on the thyme fields of Alf\u00e9s. I had my windows wound down, I could hear a <strong>Calandra Lark<\/strong> jingling restrainedly to itself. I waited a while and listened. I didn&#8217;t hear a Dupont&#8217;s Lark. More than likely it would have been a little too early in the season, even if the species had not disappeared from Catalonia forever.<\/p>\n","protected":false},"excerpt":{"rendered":"<p>I waited a while and listened. I didn&#8217;t hear a Dupont&#8217;s Lark. <\/p>\n","protected":false},"author":1,"featured_media":0,"comment_status":"open","ping_status":"closed","sticky":false,"template":"","format":"standard","meta":{"_jetpack_newsletter_access":"","_jetpack_dont_email_post_to_subs":false,"_jetpack_newsletter_tier_id":0,"_jetpack_memberships_contains_paywalled_content":false,"_jetpack_memberships_contains_paid_content":false,"footnotes":""},"categories":[7],"tags":[],"class_list":["post-59","post","type-post","status-publish","format-standard","hentry","category-birds-in-spain"],"jetpack_featured_media_url":"","jetpack_sharing_enabled":true,"jetpack_shortlink":"https:\/\/wp.me\/p7I752-X","jetpack-related-posts":[],"_links":{"self":[{"href":"https:\/\/www.birdinginspain.com\/blog\/wp-json\/wp\/v2\/posts\/59","targetHints":{"allow":["GET"]}}],"collection":[{"href":"https:\/\/www.birdinginspain.com\/blog\/wp-json\/wp\/v2\/posts"}],"about":[{"href":"https:\/\/www.birdinginspain.com\/blog\/wp-json\/wp\/v2\/types\/post"}],"author":[{"embeddable":true,"href":"https:\/\/www.birdinginspain.com\/blog\/wp-json\/wp\/v2\/users\/1"}],"replies":[{"embeddable":true,"href":"https:\/\/www.birdinginspain.com\/blog\/wp-json\/wp\/v2\/comments?post=59"}],"version-history":[{"count":0,"href":"https:\/\/www.birdinginspain.com\/blog\/wp-json\/wp\/v2\/posts\/59\/revisions"}],"wp:attachment":[{"href":"https:\/\/www.birdinginspain.com\/blog\/wp-json\/wp\/v2\/media?parent=59"}],"wp:term":[{"taxonomy":"category","embeddable":true,"href":"https:\/\/www.birdinginspain.com\/blog\/wp-json\/wp\/v2\/categories?post=59"},{"taxonomy":"post_tag","embeddable":true,"href":"https:\/\/www.birdinginspain.com\/blog\/wp-json\/wp\/v2\/tags?post=59"}],"curies":[{"name":"wp","href":"https:\/\/api.w.org\/{rel}","templated":true}]}}