{"id":548,"date":"2010-11-05T11:07:31","date_gmt":"2010-11-05T09:07:31","guid":{"rendered":"http:\/\/www.birdinginspain.com\/blog\/photos-and-places\/viaje-ornitologico-a-turquia\/"},"modified":"2010-11-05T11:09:28","modified_gmt":"2010-11-05T09:09:28","slug":"viaje-ornitologico-a-turquia","status":"publish","type":"post","link":"https:\/\/www.birdinginspain.com\/blog\/photos-and-places\/viaje-ornitologico-a-turquia\/","title":{"rendered":"Viaje Ornitol\u00f3gico a Turqu\u00eda"},"content":{"rendered":"<p align=\"left\">\u00a0\u00a1Ojo!<\/p>\n<p align=\"left\">Un ex\u00f3tico viaje fotogr\u00e1fico y ornitol\u00f3gico de 10 d\u00edas al sur de Turqu\u00eda.<\/p>\n<p>Con gu\u00eda nativo y gu\u00eda de BirdingInSpain, veh\u00edculo privado,\u00a0las mejores aves y los m\u00e1s bellos paisajes del sur de Turqu\u00eda.<\/p>\n<p>\u00a1No lo pierdas!<\/p>\n<p>Fechas: del 27 de mayo al 5 de junio 2011<\/p>\n<p>Precio: 1.395 euros<\/p>\n<p>Algunas de las aves que esperamos ver: Perdigallo del Caspio, Camachuelo Desert\u00edcola, Ibis Eremita, Alondra Cornuda, Gorri\u00f3n del Mar Muerto, Trepador de Kr\u00fcper, Autillo Persa, Mart\u00edn Pescador de Esmirna, Verdecillo Carinegro, Petirrojo Gorgiblanco&#8230;<\/p>\n<p>\u00bfO mejor, quiz\u00e1s, que te lo decimos con im\u00e1genes?<\/p>\n<p align=\"left\"><img data-recalc-dims=\"1\" loading=\"lazy\" decoding=\"async\" width=\"167\" src=\"https:\/\/i0.wp.com\/www.birdinginspain.com\/blog\/wp-content\/uploads\/2010\/11\/birecik3.jpg?resize=167%2C119\" alt=\"Bire\u00e7ik\" height=\"119\" style=\"width: 167px; height: 119px\" \/><img data-recalc-dims=\"1\" loading=\"lazy\" decoding=\"async\" width=\"162\" src=\"https:\/\/i0.wp.com\/www.birdinginspain.com\/blog\/wp-content\/uploads\/2010\/11\/tur-dead_sea_sparrow.jpg?resize=162%2C118\" alt=\"Gorri\u00f3n del Mar Muerto\" height=\"118\" style=\"width: 162px; height: 118px\" \/><\/p>\n<p align=\"left\">&nbsp;<\/p>\n<p align=\"left\"><img data-recalc-dims=\"1\" loading=\"lazy\" decoding=\"async\" width=\"174\" src=\"https:\/\/i0.wp.com\/www.birdinginspain.com\/blog\/wp-content\/uploads\/2010\/11\/goksu_delta1.jpg?resize=174%2C95\" alt=\"Delta del Goksu\" height=\"95\" style=\"width: 174px; height: 95px\" \/><img data-recalc-dims=\"1\" loading=\"lazy\" decoding=\"async\" width=\"155\" src=\"https:\/\/i0.wp.com\/www.birdinginspain.com\/blog\/wp-content\/uploads\/2010\/11\/tur-spur-winged_lapwing.jpg?resize=155%2C96\" alt=\"Avefr\u00eda Espolada\" height=\"96\" style=\"width: 155px; height: 96px\" \/><\/p>\n<p align=\"left\"><img data-recalc-dims=\"1\" loading=\"lazy\" decoding=\"async\" width=\"170\" src=\"https:\/\/i0.wp.com\/www.birdinginspain.com\/blog\/wp-content\/uploads\/2010\/11\/halfeti1.jpg?resize=170%2C103\" alt=\"Halfeti, Turqu\u00eda\" height=\"103\" style=\"width: 170px; height: 103px\" \/><img data-recalc-dims=\"1\" loading=\"lazy\" decoding=\"async\" width=\"157\" src=\"https:\/\/i0.wp.com\/www.birdinginspain.com\/blog\/wp-content\/uploads\/2010\/11\/tur-iraq_babbler.jpg?resize=157%2C102\" alt=\"Tordino Rojizo, Turdoides fulva.\" height=\"102\" style=\"width: 157px; height: 102px\" \/><\/p>\n<p align=\"left\"><img data-recalc-dims=\"1\" loading=\"lazy\" decoding=\"async\" width=\"175\" src=\"https:\/\/i0.wp.com\/www.birdinginspain.com\/blog\/wp-content\/uploads\/2010\/11\/istanbul_turkey.jpg?resize=175%2C123\" alt=\"Estambul, Turqu\u00eda.\" height=\"123\" style=\"width: 175px; height: 123px\" \/><img data-recalc-dims=\"1\" loading=\"lazy\" decoding=\"async\" width=\"153\" src=\"https:\/\/i0.wp.com\/www.birdinginspain.com\/blog\/wp-content\/uploads\/2010\/11\/tur-krupers_nuthatch.jpg?resize=153%2C123\" alt=\"Trepador de Kr\u00fcper, Sitta krueperi\" height=\"123\" style=\"width: 153px; height: 123px\" \/><\/p>\n<p>\u00bfHas visto el v\u00eddeo?<\/p>\n<p>Por cierto, muchas gracias a <strong>Murat Bozdogan<\/strong> por el uso de sus fotograf\u00edas.<\/p>\n","protected":false},"excerpt":{"rendered":"<p>\u00a0\u00a1Ojo! Un ex\u00f3tico viaje fotogr\u00e1fico y ornitol\u00f3gico de 10 d\u00edas al sur de Turqu\u00eda. Con gu\u00eda nativo y gu\u00eda de BirdingInSpain, veh\u00edculo privado,\u00a0las mejores aves y los m\u00e1s bellos paisajes del sur de Turqu\u00eda. \u00a1No lo pierdas! Fechas: del 27 de mayo al 5 de junio 2011 Precio: 1.395 euros Algunas de las aves que [&hellip;]<\/p>\n","protected":false},"author":1,"featured_media":0,"comment_status":"open","ping_status":"closed","sticky":false,"template":"","format":"standard","meta":{"_jetpack_newsletter_access":"","_jetpack_dont_email_post_to_subs":false,"_jetpack_newsletter_tier_id":0,"_jetpack_memberships_contains_paywalled_content":false,"_jetpack_memberships_contains_paid_content":false,"footnotes":""},"categories":[6,5],"tags":[],"class_list":["post-548","post","type-post","status-publish","format-standard","hentry","category-birding-and-wildlife-trips","category-photos-and-places"],"jetpack_featured_media_url":"","jetpack_sharing_enabled":true,"jetpack_shortlink":"https:\/\/wp.me\/p7I752-8Q","jetpack-related-posts":[],"_links":{"self":[{"href":"https:\/\/www.birdinginspain.com\/blog\/wp-json\/wp\/v2\/posts\/548","targetHints":{"allow":["GET"]}}],"collection":[{"href":"https:\/\/www.birdinginspain.com\/blog\/wp-json\/wp\/v2\/posts"}],"about":[{"href":"https:\/\/www.birdinginspain.com\/blog\/wp-json\/wp\/v2\/types\/post"}],"author":[{"embeddable":true,"href":"https:\/\/www.birdinginspain.com\/blog\/wp-json\/wp\/v2\/users\/1"}],"replies":[{"embeddable":true,"href":"https:\/\/www.birdinginspain.com\/blog\/wp-json\/wp\/v2\/comments?post=548"}],"version-history":[{"count":0,"href":"https:\/\/www.birdinginspain.com\/blog\/wp-json\/wp\/v2\/posts\/548\/revisions"}],"wp:attachment":[{"href":"https:\/\/www.birdinginspain.com\/blog\/wp-json\/wp\/v2\/media?parent=548"}],"wp:term":[{"taxonomy":"category","embeddable":true,"href":"https:\/\/www.birdinginspain.com\/blog\/wp-json\/wp\/v2\/categories?post=548"},{"taxonomy":"post_tag","embeddable":true,"href":"https:\/\/www.birdinginspain.com\/blog\/wp-json\/wp\/v2\/tags?post=548"}],"curies":[{"name":"wp","href":"https:\/\/api.w.org\/{rel}","templated":true}]}}