{"id":314,"date":"2009-03-23T21:33:23","date_gmt":"2009-03-23T19:33:23","guid":{"rendered":"http:\/\/www.birdinginspain.com\/blog\/birds-in-spain\/observacio-d%e2%80%99ocells-a-montsec\/"},"modified":"2009-03-23T21:33:23","modified_gmt":"2009-03-23T19:33:23","slug":"observacio-d%e2%80%99ocells-a-montsec","status":"publish","type":"post","link":"https:\/\/www.birdinginspain.com\/blog\/birds-in-spain\/observacio-d%e2%80%99ocells-a-montsec\/","title":{"rendered":"OBSERVACI\u00d3 D\u2019OCELLS A MONTSEC"},"content":{"rendered":"<p>Escriure una petita introducci\u00f3 sobre <strong>l\u2019observaci\u00f3 dels ocells al Montsec<\/strong>? Com comen\u00e7ar? No ho sabia. Aix\u00ed, un dia espl\u00e8ndid de primavera vaig agafar els prism\u00e0tics i vaig fer una visita als camps, bosquets i cims airosos de <strong>Montsec<\/strong>, buscant inspiraci\u00f3 en la seva solitut i majestuositat.<\/p>\n<p>La veritat \u00e9s que la cosa no comencava massa b\u00e9. Hi havien moltes distraccions: <strong>grupets d\u2019abellerols<\/strong> melosos de colors llampants, una <strong>guatlla <\/strong>cantant \u201cset-per-vuit\u201d, la seva veu ondulant com el blat en la brisa lleugera. Un destell repent\u00ed de colors quan una <strong>puput <\/strong>aixec\u00e0 el vol. La dol\u00e7a melangia d\u2019un parell de <strong>cotolius<\/strong>.<\/p>\n<p>\u00a0<img data-recalc-dims=\"1\" decoding=\"async\" src=\"https:\/\/i0.wp.com\/www.birdinginspain.com\/blog\/wp-content\/uploads\/2009\/03\/jmbeeeater.jpg\" alt=\"Bee-eater\" \/><\/p>\n<p><em>Bee-eater by Joan Manel Puig\u00a0<\/em><\/p>\n<p>5 esp\u00e8cies de tallarols estaven en plena forma anunciant-se propietaris de les mates, les alzines i els roures. 5 esp\u00e8cies! <em>Silenci!!<\/em> Tot aquell xibarri no em deixava pensar.\u00a0<\/p>\n<p><img data-recalc-dims=\"1\" decoding=\"async\" src=\"https:\/\/i0.wp.com\/www.birdinginspain.com\/blog\/wp-content\/uploads\/2009\/03\/orpheanjmb.jpg\" alt=\"Orphean Warbler\" \/><\/p>\n<p><em>Orphean Warbler by Jan-Michael Breider<\/em>\u00a0<\/p>\n<p>Aix\u00ed vaig rependre el cam\u00ed. Lluny cantava un <strong>hortol\u00e0<\/strong>, orgull\u00f3s d\u2019haver tornat de l\u2019Africa a la seva terra natal. Despr\u00e9s una volada de <strong>gralles de bec-vermell<\/strong> van interrompre els meus pensaments amb les seves acrob\u00e0cies a\u00e8ries.<\/p>\n<p>A dalt de la serrelada el pas de <strong>voltors<\/strong> era continuo, per\u00f2 vaig fer un esfor\u00e7 sobrehum\u00e0 per no fer-los cas, al igual que la <strong>merla roquera<\/strong> que cantava insistentment al meu darrere. Per\u00f2, quan un <strong>trencal\u00f2s<\/strong> va planejar davant meu mirant-me de fit a fit als ulls, aleshores vaig adonar-me\u2019n que els ocells m\u2019havien guanyat la partida.<\/p>\n<p><img data-recalc-dims=\"1\" decoding=\"async\" src=\"https:\/\/i0.wp.com\/www.birdinginspain.com\/blog\/wp-content\/uploads\/2009\/03\/griffons-franck.jpg\" alt=\"Griffon vultures\" \/><\/p>\n<p><em>Griffon Vultures by Franck Renard<\/em>\u00a0<\/p>\n<p>Steve West<\/p>\n","protected":false},"excerpt":{"rendered":"<p>Escriure una petita introducci\u00f3 sobre l\u2019observaci\u00f3 dels ocells al Montsec? Com comen\u00e7ar? No ho sabia. Aix\u00ed, un dia espl\u00e8ndid de primavera vaig agafar els prism\u00e0tics i vaig fer una visita als camps, bosquets i cims airosos de Montsec, buscant inspiraci\u00f3 en la seva solitut i majestuositat. La veritat \u00e9s que la cosa no comencava massa [&hellip;]<\/p>\n","protected":false},"author":1,"featured_media":0,"comment_status":"open","ping_status":"closed","sticky":false,"template":"","format":"standard","meta":{"_jetpack_newsletter_access":"","_jetpack_dont_email_post_to_subs":false,"_jetpack_newsletter_tier_id":0,"_jetpack_memberships_contains_paywalled_content":false,"_jetpack_memberships_contains_paid_content":false,"footnotes":""},"categories":[7],"tags":[],"class_list":["post-314","post","type-post","status-publish","format-standard","hentry","category-birds-in-spain"],"jetpack_featured_media_url":"","jetpack_sharing_enabled":true,"jetpack_shortlink":"https:\/\/wp.me\/p7I752-54","jetpack-related-posts":[],"_links":{"self":[{"href":"https:\/\/www.birdinginspain.com\/blog\/wp-json\/wp\/v2\/posts\/314","targetHints":{"allow":["GET"]}}],"collection":[{"href":"https:\/\/www.birdinginspain.com\/blog\/wp-json\/wp\/v2\/posts"}],"about":[{"href":"https:\/\/www.birdinginspain.com\/blog\/wp-json\/wp\/v2\/types\/post"}],"author":[{"embeddable":true,"href":"https:\/\/www.birdinginspain.com\/blog\/wp-json\/wp\/v2\/users\/1"}],"replies":[{"embeddable":true,"href":"https:\/\/www.birdinginspain.com\/blog\/wp-json\/wp\/v2\/comments?post=314"}],"version-history":[{"count":0,"href":"https:\/\/www.birdinginspain.com\/blog\/wp-json\/wp\/v2\/posts\/314\/revisions"}],"wp:attachment":[{"href":"https:\/\/www.birdinginspain.com\/blog\/wp-json\/wp\/v2\/media?parent=314"}],"wp:term":[{"taxonomy":"category","embeddable":true,"href":"https:\/\/www.birdinginspain.com\/blog\/wp-json\/wp\/v2\/categories?post=314"},{"taxonomy":"post_tag","embeddable":true,"href":"https:\/\/www.birdinginspain.com\/blog\/wp-json\/wp\/v2\/tags?post=314"}],"curies":[{"name":"wp","href":"https:\/\/api.w.org\/{rel}","templated":true}]}}